{"id":454,"date":"2019-03-14T12:10:07","date_gmt":"2019-03-14T11:10:07","guid":{"rendered":"http:\/\/www.budapestatumanera.com\/?p=454"},"modified":"2022-01-18T14:57:12","modified_gmt":"2022-01-18T13:57:12","slug":"9-curiosidades-sobre-el-parlamento-de-budapest","status":"publish","type":"post","link":"https:\/\/www.budapestatumanera.com\/index.php\/2019\/03\/14\/9-curiosidades-sobre-el-parlamento-de-budapest\/","title":{"rendered":"9 CURIOSIDADES SOBRE EL PARLAMENTO DE BUDAPEST"},"content":{"rendered":"<p><div class=\"fusion-fullwidth fullwidth-box fusion-builder-row-1 nonhundred-percent-fullwidth non-hundred-percent-height-scrolling\" style=\"--awb-background-position:left top;--awb-border-radius-top-left:0px;--awb-border-radius-top-right:0px;--awb-border-radius-bottom-right:0px;--awb-border-radius-bottom-left:0px;--awb-padding-top:20px;--awb-padding-bottom:20px;--awb-border-sizes-top:0px;--awb-border-sizes-bottom:0px;--awb-flex-wrap:wrap;\" ><div class=\"fusion-builder-row fusion-row\"><div class=\"fusion-layout-column fusion_builder_column fusion-builder-column-0 fusion_builder_column_1_1 1_1 fusion-one-full fusion-column-first fusion-column-last fusion-column-no-min-height\" style=\"--awb-bg-size:cover;--awb-margin-bottom:0px;\"><div class=\"fusion-column-wrapper fusion-flex-column-wrapper-legacy\"><div class=\"fusion-text fusion-text-1\"><p>El Parlamento de Budapest es uno de los edificios m\u00e1s emblem\u00e1ticos de la ciudad, un destino obligatorio de los turistas extranjeros y quiz\u00e1 el tema m\u00e1s popular de sus fotos. Aqu\u00ed os contaremos algunas curiosidades sobre el edificio y la historia de su construcci\u00f3n.<\/p>\n<\/div><div class=\"fusion-clearfix\"><\/div><\/div><\/div><\/div><\/div><div class=\"fusion-fullwidth fullwidth-box fusion-builder-row-2 hundred-percent-fullwidth non-hundred-percent-height-scrolling\" style=\"--awb-border-radius-top-left:0px;--awb-border-radius-top-right:0px;--awb-border-radius-bottom-right:0px;--awb-border-radius-bottom-left:0px;--awb-overflow:visible;--awb-flex-wrap:wrap;\" ><div class=\"fusion-builder-row fusion-row\"><div class=\"fusion-layout-column fusion_builder_column fusion-builder-column-1 fusion_builder_column_1_1 1_1 fusion-one-full fusion-column-first fusion-column-last fusion-column-no-min-height\" style=\"--awb-bg-size:cover;--awb-margin-bottom:0px;\"><div class=\"fusion-column-wrapper fusion-flex-column-wrapper-legacy\"><div class=\"fusion-text fusion-text-2\"><p><strong>1.El Parlamento que se construy\u00f3 en 90 d\u00edas<\/strong><\/p>\n<p>No, desde luego no estamos hablando del Parlamento actual, sino de un antecedente suyo. Durante varios siglos, la Asamblea Nacional h\u00fangara se reuni\u00f3 en la ciudad de Pozsony, la actual Bratislava; m\u00e1s tarde, a finales del siglo XVIII y principios del XIX, en tan solo tres ocasiones, en Buda. En 1847, la Asamblea se traslad\u00f3 a Pest, pero las dos c\u00e1maras ten\u00edan sus reuniones en dos edificios diferentes. Tras la fallida revoluci\u00f3n y guerra de la independencia de 1848 y 1849, la Asamblea dej\u00f3 de convocarse durante largos a\u00f1os. En 1866, un a\u00f1o antes de que se firmase el Compromiso austroh\u00fangaro, encargaron a Mikl\u00f3s Ybl, el arquitecto m\u00e1s famoso de la \u00e9poca (arquitecto de la \u00d3pera de Budapest), de dise\u00f1ar un edificio para la c\u00e1mara baja, junto al Museo Nacional, donde se reun\u00eda la c\u00e1mara alta. El edificio, que hoy alberga el Instituto Italiano de Cultura, se termin\u00f3 en tan solo 90 d\u00edas (!). Sin embargo, como se hab\u00eda construido con car\u00e1cter provisional, en 1880 decidieron levantar un Parlamento para las dos c\u00e1maras juntas y anunciaron una convocatoria, fruto de la que es el Parlamento actual, de Imre Steindl.<\/p>\n<\/div><div class=\"fusion-image-element in-legacy-container\" style=\"--awb-caption-title-font-family:var(--h2_typography-font-family);--awb-caption-title-font-weight:var(--h2_typography-font-weight);--awb-caption-title-font-style:var(--h2_typography-font-style);--awb-caption-title-size:var(--h2_typography-font-size);--awb-caption-title-transform:var(--h2_typography-text-transform);--awb-caption-title-line-height:var(--h2_typography-line-height);--awb-caption-title-letter-spacing:var(--h2_typography-letter-spacing);\"><span class=\" fusion-imageframe imageframe-none imageframe-1 hover-type-none\"><img decoding=\"async\" width=\"1000\" height=\"454\" title=\"huszezres\" src=\"https:\/\/www.budapestatumanera.com\/wp-content\/uploads\/2019\/03\/huszezres.jpg\" alt class=\"img-responsive wp-image-464\" srcset=\"https:\/\/www.budapestatumanera.com\/wp-content\/uploads\/2019\/03\/huszezres-300x136.jpg 300w, https:\/\/www.budapestatumanera.com\/wp-content\/uploads\/2019\/03\/huszezres-768x349.jpg 768w, https:\/\/www.budapestatumanera.com\/wp-content\/uploads\/2019\/03\/huszezres.jpg 1000w\" sizes=\"(max-width: 1000px) 100vw, 1000px\" \/><\/span><\/div><div class=\"fusion-sep-clear\"><\/div><div class=\"fusion-separator fusion-full-width-sep\" style=\"margin-left: auto;margin-right: auto;margin-top:10px;margin-bottom:10px;width:100%;\"><\/div><div class=\"fusion-sep-clear\"><\/div><div class=\"fusion-text fusion-text-3\"><p><strong>2. TRES\u00a0PARLAMENTOS CONSTRUIDOS<\/strong><\/p>\n<p>Para la convocatoria se presentaron varios arquitectos, con 19 planos en total. Entre ellos estaba la proyecto del famoso arquitecto austr\u00edaco Otto Wagner. Dos de los edificios dise\u00f1ados para el concurso y que no salieron ganadores, llegaron, sin embargo, a construirse, curiosamente en la proximidad del Parlamento, en la misma plaza Kossuth: el actual edificio del Ministerio de Agricultura, y el edificio que hasta hace poco hab\u00eda albergado el Museo Etnogr\u00e1fico (actualmente en obras).<\/p>\n<\/div><div class=\"fusion-image-element in-legacy-container\" style=\"--awb-caption-title-font-family:var(--h2_typography-font-family);--awb-caption-title-font-weight:var(--h2_typography-font-weight);--awb-caption-title-font-style:var(--h2_typography-font-style);--awb-caption-title-size:var(--h2_typography-font-size);--awb-caption-title-transform:var(--h2_typography-text-transform);--awb-caption-title-line-height:var(--h2_typography-line-height);--awb-caption-title-letter-spacing:var(--h2_typography-letter-spacing);\"><span class=\" fusion-imageframe imageframe-none imageframe-2 hover-type-none\"><img decoding=\"async\" width=\"298\" height=\"169\" title=\"agrarmin\" src=\"https:\/\/www.budapestatumanera.com\/wp-content\/uploads\/2019\/03\/agrarmin.jpg\" alt class=\"img-responsive wp-image-467\"\/><\/span><\/div><div class=\"fusion-sep-clear\"><\/div><div class=\"fusion-separator fusion-full-width-sep\" style=\"margin-left: auto;margin-right: auto;margin-top:10px;margin-bottom:10px;width:100%;\"><\/div><div class=\"fusion-sep-clear\"><\/div><div class=\"fusion-image-element in-legacy-container\" style=\"--awb-caption-title-font-family:var(--h2_typography-font-family);--awb-caption-title-font-weight:var(--h2_typography-font-weight);--awb-caption-title-font-style:var(--h2_typography-font-style);--awb-caption-title-size:var(--h2_typography-font-size);--awb-caption-title-transform:var(--h2_typography-text-transform);--awb-caption-title-line-height:var(--h2_typography-line-height);--awb-caption-title-letter-spacing:var(--h2_typography-letter-spacing);\"><span class=\" fusion-imageframe imageframe-none imageframe-3 hover-type-none\"><img decoding=\"async\" width=\"800\" height=\"519\" title=\"neprajzi_01\" src=\"https:\/\/www.budapestatumanera.com\/wp-content\/uploads\/2019\/03\/neprajzi_01.jpg\" alt class=\"img-responsive wp-image-466\" srcset=\"https:\/\/www.budapestatumanera.com\/wp-content\/uploads\/2019\/03\/neprajzi_01-300x195.jpg 300w, https:\/\/www.budapestatumanera.com\/wp-content\/uploads\/2019\/03\/neprajzi_01-768x498.jpg 768w, https:\/\/www.budapestatumanera.com\/wp-content\/uploads\/2019\/03\/neprajzi_01.jpg 800w\" sizes=\"(max-width: 800px) 100vw, 800px\" \/><\/span><\/div><div class=\"fusion-sep-clear\"><\/div><div class=\"fusion-separator fusion-full-width-sep\" style=\"margin-left: auto;margin-right: auto;margin-top:10px;margin-bottom:10px;width:100%;\"><\/div><div class=\"fusion-sep-clear\"><\/div><div class=\"fusion-text fusion-text-4\"><p><strong>3. MATERIALES H\u00daNGAROS, T\u00c9CNICAS H\u00daNGARAS, MAESTROS H\u00daNGAROS<\/strong><\/p>\n<p>Era un importante requisito de parte de las autoridades que los materiales usados para la construcci\u00f3n del Parlamento de Budapest procedieran de Hungr\u00eda, igual que las t\u00e9cnicas y los maestros. La \u00fanica excepci\u00f3n fueron las ocho columnas de granito rojo que sostienen el techo de la escalinata principal, \u00e9sas fueron importadas de Suecia.<\/p>\n<p><strong>4. ALGUNOS N\u00daMEROS SORPRENDENTES<\/strong><\/p>\n<p>El edificio del Parlamento de Budapest tiene 268 metros de largo y 96 de alto y 123 de ancho, en su interior podr\u00edan caber 50 edificios de cinco pisos. Dispone de 27 entradas, 29 escaleras, 13 ascensores (algunos con asientos) y m\u00e1s de 200 despachos. Para la decoraci\u00f3n usaron oro de entre 22 y 23 quilates, en total unos 40 kilos. La alfombra roja que recorre el Parlamento es de unos 3 kil\u00f3metros de largo.<\/p>\n<\/div><div class=\"fusion-sep-clear\"><\/div><div class=\"fusion-separator fusion-full-width-sep\" style=\"margin-left: auto;margin-right: auto;margin-top:10px;margin-bottom:10px;width:100%;\"><\/div><div class=\"fusion-sep-clear\"><\/div><div class=\"fusion-image-element in-legacy-container\" style=\"--awb-caption-title-font-family:var(--h2_typography-font-family);--awb-caption-title-font-weight:var(--h2_typography-font-weight);--awb-caption-title-font-style:var(--h2_typography-font-style);--awb-caption-title-size:var(--h2_typography-font-size);--awb-caption-title-transform:var(--h2_typography-text-transform);--awb-caption-title-line-height:var(--h2_typography-line-height);--awb-caption-title-letter-spacing:var(--h2_typography-letter-spacing);\"><span class=\" fusion-imageframe imageframe-none imageframe-4 hover-type-none\"><img decoding=\"async\" width=\"630\" height=\"360\" title=\"parlamento_construccion\" src=\"https:\/\/www.budapestatumanera.com\/wp-content\/uploads\/2019\/03\/parlamento_construccion.jpg\" alt class=\"img-responsive wp-image-484\" srcset=\"https:\/\/www.budapestatumanera.com\/wp-content\/uploads\/2019\/03\/parlamento_construccion-300x171.jpg 300w, https:\/\/www.budapestatumanera.com\/wp-content\/uploads\/2019\/03\/parlamento_construccion.jpg 630w\" sizes=\"(max-width: 630px) 100vw, 630px\" \/><\/span><\/div><div class=\"fusion-sep-clear\"><\/div><div class=\"fusion-separator fusion-full-width-sep\" style=\"margin-left: auto;margin-right: auto;margin-top:10px;margin-bottom:10px;width:100%;\"><\/div><div class=\"fusion-sep-clear\"><\/div><div class=\"fusion-text fusion-text-5\"><p><strong>5. HULLEAS DE IMPACTOS DE BALAS<\/strong><\/p>\n<p>Los turbulentos acontecimientos del siglo XX, la II Guerra Mundial y la Revoluci\u00f3n de 1956, dejaron huellas tambi\u00e9n en el Parlamento. Los responsables de la reforma del edificio de 2003 decidieron conservarlas en cierta parte del muro, junto a una de las ventanas que dan al Danubio.<\/p>\n<p>Click edit button to change this text.<\/p>\n<\/div><div class=\"fusion-sep-clear\"><\/div><div class=\"fusion-separator fusion-full-width-sep\" style=\"margin-left: auto;margin-right: auto;margin-top:10px;margin-bottom:10px;width:100%;\"><\/div><div class=\"fusion-sep-clear\"><\/div><div class=\"fusion-image-element in-legacy-container\" style=\"--awb-caption-title-font-family:var(--h2_typography-font-family);--awb-caption-title-font-weight:var(--h2_typography-font-weight);--awb-caption-title-font-style:var(--h2_typography-font-style);--awb-caption-title-size:var(--h2_typography-font-size);--awb-caption-title-transform:var(--h2_typography-text-transform);--awb-caption-title-line-height:var(--h2_typography-line-height);--awb-caption-title-letter-spacing:var(--h2_typography-letter-spacing);\"><span class=\" fusion-imageframe imageframe-none imageframe-5 hover-type-none\"><img decoding=\"async\" width=\"600\" height=\"665\" title=\"golnyomok_orszaghaz\" src=\"https:\/\/www.budapestatumanera.com\/wp-content\/uploads\/2019\/03\/golnyomok_orszaghaz.jpg\" alt class=\"img-responsive wp-image-463\" srcset=\"https:\/\/www.budapestatumanera.com\/wp-content\/uploads\/2019\/03\/golnyomok_orszaghaz-271x300.jpg 271w, https:\/\/www.budapestatumanera.com\/wp-content\/uploads\/2019\/03\/golnyomok_orszaghaz.jpg 600w\" sizes=\"(max-width: 600px) 100vw, 600px\" \/><\/span><\/div><div class=\"fusion-text fusion-text-6\"><p>&nbsp;<\/p>\n<p><strong>6. REPOSAPUROS NUMERADOS<\/strong><\/p>\n<p>Dentro del edificio del Parlamento, junto a los hemiciclos, hay una serie de reposapuros de lat\u00f3n, cada uno de los que lleva un n\u00famero. Como no se permit\u00eda entrar en la sala con puro, los diputados adictos al tabaco, al o\u00edr el timbre que los invitaba a votar, pod\u00edan dejar su cigarro en el reposapuros, lo \u00fanico que ten\u00edan que hacer era recordar su n\u00famero. Tras votar, pod\u00edan volver al pasillo y seguir fumando tranquilamente. Con lo caro que eran los puros, se entiende que el arquitecto pensara tambi\u00e9n en ese detalle. Por cierto, hoy d\u00eda est\u00e1 prohibido fumar en el Parlamento de Budapest.<\/p>\n<\/div><div class=\"fusion-image-element in-legacy-container\" style=\"--awb-caption-title-font-family:var(--h2_typography-font-family);--awb-caption-title-font-weight:var(--h2_typography-font-weight);--awb-caption-title-font-style:var(--h2_typography-font-style);--awb-caption-title-size:var(--h2_typography-font-size);--awb-caption-title-transform:var(--h2_typography-text-transform);--awb-caption-title-line-height:var(--h2_typography-line-height);--awb-caption-title-letter-spacing:var(--h2_typography-letter-spacing);\"><span class=\" fusion-imageframe imageframe-none imageframe-6 hover-type-none\"><img decoding=\"async\" width=\"1100\" height=\"564\" title=\"reposapuros\" src=\"https:\/\/www.budapestatumanera.com\/wp-content\/uploads\/2019\/03\/reposapuros-1100x564.jpg\" alt class=\"img-responsive wp-image-468\" srcset=\"https:\/\/www.budapestatumanera.com\/wp-content\/uploads\/2019\/03\/reposapuros-300x154.jpg 300w, https:\/\/www.budapestatumanera.com\/wp-content\/uploads\/2019\/03\/reposapuros-768x393.jpg 768w, https:\/\/www.budapestatumanera.com\/wp-content\/uploads\/2019\/03\/reposapuros-1100x564.jpg 1100w, https:\/\/www.budapestatumanera.com\/wp-content\/uploads\/2019\/03\/reposapuros.jpg 1140w\" sizes=\"(max-width: 1100px) 100vw, 1100px\" \/><\/span><\/div><div class=\"fusion-sep-clear\"><\/div><div class=\"fusion-separator fusion-full-width-sep\" style=\"margin-left: auto;margin-right: auto;margin-top:10px;margin-bottom:10px;width:100%;\"><\/div><div class=\"fusion-sep-clear\"><\/div><div class=\"fusion-text fusion-text-7\"><p><strong>7. UNO DE LOS SISTEMAS DE AIRE ACONDICIONADO M\u00c1S MODERNOS DE LA \u00c9POCA<\/strong><\/p>\n<p>El Parlamento de Budapest dispon\u00eda de un sistema de calefacci\u00f3n y de aire acondicionado sumamente moderno para la \u00e9poca. Para la calefacci\u00f3n, una caldera instalada en un edificio cercano hac\u00eda circular vapor caliente, y no agua, como ocurr\u00eda en general. Hasta hace unas pocas d\u00e9cadas, para enfrirar el aire del interior del edificio se utilizaban unos conductos que pasaban por debajo del edificio, en el s\u00f3tano, junto a unos bloques de hielo, que as\u00ed enfriaban el aire dentro de los tubos.<\/p>\n<p><strong>8. LA ENTRADA PRINCIPAL DA AL DANUBIO, Y NO A LA PLAZA<\/strong><\/p>\n<p>La fachada principal del Parlamento se considera la que da al Danubio, por tanto la entrada principal est\u00e1 situada en ese lado. Sin embargo, esa solo se usa con ocasi\u00f3n de visitas de monarcas u otros altos dignatarios.<\/p>\n<p><strong>9. UNA JOYA QUE LOS TURISTAS IGNORAN<\/strong><\/p>\n<p>Pocos turistas saben (o al menos no antes de la visita) que el Parlamento alberga una hermos\u00edsima biblioteca abierta ante el p\u00fablico. Eso s\u00ed, hay que registrarse antes para comprar las entradas, rellenando un formulario con varios datos personales. Las medidas de seguridad para entrar en la bibioteca son las mismas que las que se aplican antes de las visitas al Parlamento mismo. Informaci\u00f3n en ingl\u00e9s sobre la registraci\u00f3n: <a href=\"https:\/\/www.ogyk.hu\/en\/visit-us\" target=\"_blank\" rel=\"noopener\">https:\/\/www.ogyk.hu\/en\/visit-us<\/a>.<\/p>\n<\/div><div class=\"fusion-text fusion-text-8\"><p><strong>Ubicaci\u00f3n: <\/strong>Plaza Kossuth<\/p>\n<\/div><div class=\"fusion-clearfix\"><\/div><\/div><\/div><div class=\"fusion-layout-column fusion_builder_column fusion-builder-column-2 fusion_builder_column_1_1 1_1 fusion-one-full fusion-column-first fusion-column-last fusion-column-no-min-height\" style=\"--awb-bg-size:cover;--awb-margin-bottom:0px;\"><div class=\"fusion-column-wrapper fusion-flex-column-wrapper-legacy\"><iframe src=\"https:\/\/www.google.com\/maps\/embed?pb=!1m18!1m12!1m3!1d2695.1165708647645!2d19.043480315627075!3d47.507120979178225!2m3!1f0!2f0!3f0!3m2!1i1024!2i768!4f13.1!3m3!1m2!1s0x4741dc1046d4a33d%3A0x342122b8ff8f0f6e!2sparlamento!5e0!3m2!1ses!2shu!4v1552564061418\" width=\"400\" height=\"300\" frameborder=\"0\" style=\"border:0\" allowfullscreen><\/iframe>\r\n<div class=\"fusion-text fusion-text-9\"><p><strong>Transporte: <\/strong>Metro M2 (parada Kossuth t\u00e9r), Tranv\u00eda 2, Troleb\u00fas 70, 78, Autob\u00fas 15 y 115<\/p>\n<p><strong>Reserva de entradas e informaci\u00f3n sobre las visitas guiadas en espa\u00f1ol<\/strong>: <a href=\"https:\/\/latogatokozpont.parlament.hu\/en\/purchasing-tickets\" target=\"_blank\" rel=\"noopener\">https:\/\/latogatokozpont.parlament.hu\/en\/purchasing-tickets<\/a><\/p>\n<p><strong>Precios<\/strong>: Adultos pertenecientes a la UE: 3.500 Ft.<\/p>\n<p>Estudiantes entre 6 y 24 a\u00f1os pertenecientes a la UE: 1.900Ft.<\/p>\n<p>Adultos no pertenecientes a la UE: 6.700Ft.<\/p>\n<p>Estudiantes entre 6 y 24 a\u00f1os no pertenecientes a la UE: 3.500Ft.<\/p>\n<p>Menores de 6 a\u00f1os: entrada gratuita.<\/p>\n<\/div><div class=\"fusion-clearfix\"><\/div><\/div><\/div><\/div><\/div><\/p>\n","protected":false},"excerpt":{"rendered":"","protected":false},"author":5,"featured_media":486,"comment_status":"closed","ping_status":"open","sticky":false,"template":"","format":"standard","meta":{"footnotes":""},"categories":[5],"tags":[],"class_list":["post-454","post","type-post","status-publish","format-standard","has-post-thumbnail","hentry","category-que-ver"],"yoast_head":"<!-- This site is optimized with the Yoast SEO plugin v23.3 - https:\/\/yoast.com\/wordpress\/plugins\/seo\/ -->\n<title>9 CURIOSIDADES SOBRE EL PARLAMENTO DE BUDAPEST | Budapest a tu manera<\/title>\n<meta name=\"description\" content=\"Sab\u00edas que el Parlamento de Budapest ten\u00eda un sistema de aire acondicionado supermoderno para su \u00e9poca? Te contamos 9 datos curiosos sobre el edificio.\" \/>\n<meta name=\"robots\" content=\"index, follow, max-snippet:-1, max-image-preview:large, max-video-preview:-1\" \/>\n<link rel=\"canonical\" href=\"https:\/\/www.budapestatumanera.com\/index.php\/2019\/03\/14\/9-curiosidades-sobre-el-parlamento-de-budapest\/\" \/>\n<meta property=\"og:locale\" content=\"hu_HU\" \/>\n<meta property=\"og:type\" content=\"article\" \/>\n<meta property=\"og:title\" content=\"9 CURIOSIDADES SOBRE EL PARLAMENTO DE BUDAPEST | Budapest a tu manera\" \/>\n<meta property=\"og:description\" content=\"Sab\u00edas que el Parlamento de Budapest ten\u00eda un sistema de aire acondicionado supermoderno para su \u00e9poca? Te contamos 9 datos curiosos sobre el edificio.\" \/>\n<meta property=\"og:url\" content=\"https:\/\/www.budapestatumanera.com\/index.php\/2019\/03\/14\/9-curiosidades-sobre-el-parlamento-de-budapest\/\" \/>\n<meta property=\"og:site_name\" content=\"Budapest a tu manera\" \/>\n<meta property=\"article:published_time\" content=\"2019-03-14T11:10:07+00:00\" \/>\n<meta property=\"article:modified_time\" content=\"2022-01-18T13:57:12+00:00\" \/>\n<meta property=\"og:image\" content=\"https:\/\/www.budapestatumanera.com\/wp-content\/uploads\/2019\/03\/Budapest_Parliament_4604-e1552573725582.jpg\" \/>\n\t<meta property=\"og:image:width\" content=\"1200\" \/>\n\t<meta property=\"og:image:height\" content=\"732\" \/>\n\t<meta property=\"og:image:type\" content=\"image\/jpeg\" \/>\n<meta name=\"author\" content=\"Eszter\" \/>\n<meta name=\"twitter:card\" content=\"summary_large_image\" \/>\n<meta name=\"twitter:label1\" content=\"Szerz\u0151:\" \/>\n\t<meta name=\"twitter:data1\" content=\"Eszter\" \/>\n\t<meta name=\"twitter:label2\" content=\"Becs\u00fclt olvas\u00e1si id\u0151\" \/>\n\t<meta name=\"twitter:data2\" content=\"9 perc\" \/>\n<script type=\"application\/ld+json\" class=\"yoast-schema-graph\">{\"@context\":\"https:\/\/schema.org\",\"@graph\":[{\"@type\":\"WebPage\",\"@id\":\"https:\/\/www.budapestatumanera.com\/index.php\/2019\/03\/14\/9-curiosidades-sobre-el-parlamento-de-budapest\/\",\"url\":\"https:\/\/www.budapestatumanera.com\/index.php\/2019\/03\/14\/9-curiosidades-sobre-el-parlamento-de-budapest\/\",\"name\":\"9 CURIOSIDADES SOBRE EL PARLAMENTO DE BUDAPEST | Budapest a tu manera\",\"isPartOf\":{\"@id\":\"https:\/\/www.budapestatumanera.com\/#website\"},\"primaryImageOfPage\":{\"@id\":\"https:\/\/www.budapestatumanera.com\/index.php\/2019\/03\/14\/9-curiosidades-sobre-el-parlamento-de-budapest\/#primaryimage\"},\"image\":{\"@id\":\"https:\/\/www.budapestatumanera.com\/index.php\/2019\/03\/14\/9-curiosidades-sobre-el-parlamento-de-budapest\/#primaryimage\"},\"thumbnailUrl\":\"https:\/\/www.budapestatumanera.com\/wp-content\/uploads\/2019\/03\/Budapest_Parliament_4604-e1552573725582.jpg\",\"datePublished\":\"2019-03-14T11:10:07+00:00\",\"dateModified\":\"2022-01-18T13:57:12+00:00\",\"author\":{\"@id\":\"https:\/\/www.budapestatumanera.com\/#\/schema\/person\/fe886a5c145a8403cacacd9363eb77db\"},\"description\":\"Sab\u00edas que el Parlamento de Budapest ten\u00eda un sistema de aire acondicionado supermoderno para su \u00e9poca? Te contamos 9 datos curiosos sobre el edificio.\",\"breadcrumb\":{\"@id\":\"https:\/\/www.budapestatumanera.com\/index.php\/2019\/03\/14\/9-curiosidades-sobre-el-parlamento-de-budapest\/#breadcrumb\"},\"inLanguage\":\"hu\",\"potentialAction\":[{\"@type\":\"ReadAction\",\"target\":[\"https:\/\/www.budapestatumanera.com\/index.php\/2019\/03\/14\/9-curiosidades-sobre-el-parlamento-de-budapest\/\"]}]},{\"@type\":\"ImageObject\",\"inLanguage\":\"hu\",\"@id\":\"https:\/\/www.budapestatumanera.com\/index.php\/2019\/03\/14\/9-curiosidades-sobre-el-parlamento-de-budapest\/#primaryimage\",\"url\":\"https:\/\/www.budapestatumanera.com\/wp-content\/uploads\/2019\/03\/Budapest_Parliament_4604-e1552573725582.jpg\",\"contentUrl\":\"https:\/\/www.budapestatumanera.com\/wp-content\/uploads\/2019\/03\/Budapest_Parliament_4604-e1552573725582.jpg\",\"width\":1200,\"height\":732},{\"@type\":\"BreadcrumbList\",\"@id\":\"https:\/\/www.budapestatumanera.com\/index.php\/2019\/03\/14\/9-curiosidades-sobre-el-parlamento-de-budapest\/#breadcrumb\",\"itemListElement\":[{\"@type\":\"ListItem\",\"position\":1,\"name\":\"Home\",\"item\":\"https:\/\/www.budapestatumanera.com\/\"},{\"@type\":\"ListItem\",\"position\":2,\"name\":\"9 CURIOSIDADES SOBRE EL PARLAMENTO DE BUDAPEST\"}]},{\"@type\":\"WebSite\",\"@id\":\"https:\/\/www.budapestatumanera.com\/#website\",\"url\":\"https:\/\/www.budapestatumanera.com\/\",\"name\":\"Budapest a tu manera\",\"description\":\"Budapest a tu manera | Vive Budapest como un local\",\"potentialAction\":[{\"@type\":\"SearchAction\",\"target\":{\"@type\":\"EntryPoint\",\"urlTemplate\":\"https:\/\/www.budapestatumanera.com\/?s={search_term_string}\"},\"query-input\":\"required name=search_term_string\"}],\"inLanguage\":\"hu\"},{\"@type\":\"Person\",\"@id\":\"https:\/\/www.budapestatumanera.com\/#\/schema\/person\/fe886a5c145a8403cacacd9363eb77db\",\"name\":\"Eszter\",\"url\":\"https:\/\/www.budapestatumanera.com\/index.php\/author\/eszter\/\"}]}<\/script>\n<!-- \/ Yoast SEO plugin. -->","yoast_head_json":{"title":"9 CURIOSIDADES SOBRE EL PARLAMENTO DE BUDAPEST | Budapest a tu manera","description":"Sab\u00edas que el Parlamento de Budapest ten\u00eda un sistema de aire acondicionado supermoderno para su \u00e9poca? Te contamos 9 datos curiosos sobre el edificio.","robots":{"index":"index","follow":"follow","max-snippet":"max-snippet:-1","max-image-preview":"max-image-preview:large","max-video-preview":"max-video-preview:-1"},"canonical":"https:\/\/www.budapestatumanera.com\/index.php\/2019\/03\/14\/9-curiosidades-sobre-el-parlamento-de-budapest\/","og_locale":"hu_HU","og_type":"article","og_title":"9 CURIOSIDADES SOBRE EL PARLAMENTO DE BUDAPEST | Budapest a tu manera","og_description":"Sab\u00edas que el Parlamento de Budapest ten\u00eda un sistema de aire acondicionado supermoderno para su \u00e9poca? Te contamos 9 datos curiosos sobre el edificio.","og_url":"https:\/\/www.budapestatumanera.com\/index.php\/2019\/03\/14\/9-curiosidades-sobre-el-parlamento-de-budapest\/","og_site_name":"Budapest a tu manera","article_published_time":"2019-03-14T11:10:07+00:00","article_modified_time":"2022-01-18T13:57:12+00:00","og_image":[{"width":1200,"height":732,"url":"https:\/\/www.budapestatumanera.com\/wp-content\/uploads\/2019\/03\/Budapest_Parliament_4604-e1552573725582.jpg","type":"image\/jpeg"}],"author":"Eszter","twitter_card":"summary_large_image","twitter_misc":{"Szerz\u0151:":"Eszter","Becs\u00fclt olvas\u00e1si id\u0151":"9 perc"},"schema":{"@context":"https:\/\/schema.org","@graph":[{"@type":"WebPage","@id":"https:\/\/www.budapestatumanera.com\/index.php\/2019\/03\/14\/9-curiosidades-sobre-el-parlamento-de-budapest\/","url":"https:\/\/www.budapestatumanera.com\/index.php\/2019\/03\/14\/9-curiosidades-sobre-el-parlamento-de-budapest\/","name":"9 CURIOSIDADES SOBRE EL PARLAMENTO DE BUDAPEST | Budapest a tu manera","isPartOf":{"@id":"https:\/\/www.budapestatumanera.com\/#website"},"primaryImageOfPage":{"@id":"https:\/\/www.budapestatumanera.com\/index.php\/2019\/03\/14\/9-curiosidades-sobre-el-parlamento-de-budapest\/#primaryimage"},"image":{"@id":"https:\/\/www.budapestatumanera.com\/index.php\/2019\/03\/14\/9-curiosidades-sobre-el-parlamento-de-budapest\/#primaryimage"},"thumbnailUrl":"https:\/\/www.budapestatumanera.com\/wp-content\/uploads\/2019\/03\/Budapest_Parliament_4604-e1552573725582.jpg","datePublished":"2019-03-14T11:10:07+00:00","dateModified":"2022-01-18T13:57:12+00:00","author":{"@id":"https:\/\/www.budapestatumanera.com\/#\/schema\/person\/fe886a5c145a8403cacacd9363eb77db"},"description":"Sab\u00edas que el Parlamento de Budapest ten\u00eda un sistema de aire acondicionado supermoderno para su \u00e9poca? Te contamos 9 datos curiosos sobre el edificio.","breadcrumb":{"@id":"https:\/\/www.budapestatumanera.com\/index.php\/2019\/03\/14\/9-curiosidades-sobre-el-parlamento-de-budapest\/#breadcrumb"},"inLanguage":"hu","potentialAction":[{"@type":"ReadAction","target":["https:\/\/www.budapestatumanera.com\/index.php\/2019\/03\/14\/9-curiosidades-sobre-el-parlamento-de-budapest\/"]}]},{"@type":"ImageObject","inLanguage":"hu","@id":"https:\/\/www.budapestatumanera.com\/index.php\/2019\/03\/14\/9-curiosidades-sobre-el-parlamento-de-budapest\/#primaryimage","url":"https:\/\/www.budapestatumanera.com\/wp-content\/uploads\/2019\/03\/Budapest_Parliament_4604-e1552573725582.jpg","contentUrl":"https:\/\/www.budapestatumanera.com\/wp-content\/uploads\/2019\/03\/Budapest_Parliament_4604-e1552573725582.jpg","width":1200,"height":732},{"@type":"BreadcrumbList","@id":"https:\/\/www.budapestatumanera.com\/index.php\/2019\/03\/14\/9-curiosidades-sobre-el-parlamento-de-budapest\/#breadcrumb","itemListElement":[{"@type":"ListItem","position":1,"name":"Home","item":"https:\/\/www.budapestatumanera.com\/"},{"@type":"ListItem","position":2,"name":"9 CURIOSIDADES SOBRE EL PARLAMENTO DE BUDAPEST"}]},{"@type":"WebSite","@id":"https:\/\/www.budapestatumanera.com\/#website","url":"https:\/\/www.budapestatumanera.com\/","name":"Budapest a tu manera","description":"Budapest a tu manera | Vive Budapest como un local","potentialAction":[{"@type":"SearchAction","target":{"@type":"EntryPoint","urlTemplate":"https:\/\/www.budapestatumanera.com\/?s={search_term_string}"},"query-input":"required name=search_term_string"}],"inLanguage":"hu"},{"@type":"Person","@id":"https:\/\/www.budapestatumanera.com\/#\/schema\/person\/fe886a5c145a8403cacacd9363eb77db","name":"Eszter","url":"https:\/\/www.budapestatumanera.com\/index.php\/author\/eszter\/"}]}},"_links":{"self":[{"href":"https:\/\/www.budapestatumanera.com\/index.php\/wp-json\/wp\/v2\/posts\/454"}],"collection":[{"href":"https:\/\/www.budapestatumanera.com\/index.php\/wp-json\/wp\/v2\/posts"}],"about":[{"href":"https:\/\/www.budapestatumanera.com\/index.php\/wp-json\/wp\/v2\/types\/post"}],"author":[{"embeddable":true,"href":"https:\/\/www.budapestatumanera.com\/index.php\/wp-json\/wp\/v2\/users\/5"}],"replies":[{"embeddable":true,"href":"https:\/\/www.budapestatumanera.com\/index.php\/wp-json\/wp\/v2\/comments?post=454"}],"version-history":[{"count":22,"href":"https:\/\/www.budapestatumanera.com\/index.php\/wp-json\/wp\/v2\/posts\/454\/revisions"}],"predecessor-version":[{"id":570,"href":"https:\/\/www.budapestatumanera.com\/index.php\/wp-json\/wp\/v2\/posts\/454\/revisions\/570"}],"wp:featuredmedia":[{"embeddable":true,"href":"https:\/\/www.budapestatumanera.com\/index.php\/wp-json\/wp\/v2\/media\/486"}],"wp:attachment":[{"href":"https:\/\/www.budapestatumanera.com\/index.php\/wp-json\/wp\/v2\/media?parent=454"}],"wp:term":[{"taxonomy":"category","embeddable":true,"href":"https:\/\/www.budapestatumanera.com\/index.php\/wp-json\/wp\/v2\/categories?post=454"},{"taxonomy":"post_tag","embeddable":true,"href":"https:\/\/www.budapestatumanera.com\/index.php\/wp-json\/wp\/v2\/tags?post=454"}],"curies":[{"name":"wp","href":"https:\/\/api.w.org\/{rel}","templated":true}]}}