{"id":321,"date":"2017-08-23T09:56:03","date_gmt":"2017-08-23T07:56:03","guid":{"rendered":"http:\/\/www.budapestatumanera.com\/?p=321"},"modified":"2022-01-18T14:57:12","modified_gmt":"2022-01-18T13:57:12","slug":"un-lugar-donde-el-tiempo-se-ha-detenido-el-mercadillo-de-la-calle-ecseri","status":"publish","type":"post","link":"https:\/\/www.budapestatumanera.com\/index.php\/2017\/08\/23\/un-lugar-donde-el-tiempo-se-ha-detenido-el-mercadillo-de-la-calle-ecseri\/","title":{"rendered":"\u00bfQU\u00c9 VER EN BUDAPEST? EL MERCADILLO DE LA CALLE ECSERI"},"content":{"rendered":"<div class=\"fusion-fullwidth fullwidth-box fusion-builder-row-1 nonhundred-percent-fullwidth non-hundred-percent-height-scrolling\" style=\"--awb-background-position:left top;--awb-border-radius-top-left:0px;--awb-border-radius-top-right:0px;--awb-border-radius-bottom-right:0px;--awb-border-radius-bottom-left:0px;--awb-padding-top:20px;--awb-padding-bottom:20px;--awb-border-sizes-top:0px;--awb-border-sizes-bottom:0px;--awb-flex-wrap:wrap;\" ><div class=\"fusion-builder-row fusion-row\"><div class=\"fusion-layout-column fusion_builder_column fusion-builder-column-0 fusion_builder_column_1_1 1_1 fusion-one-full fusion-column-first fusion-column-last fusion-column-no-min-height\" style=\"--awb-bg-size:cover;--awb-margin-bottom:0px;\"><div class=\"fusion-column-wrapper fusion-flex-column-wrapper-legacy\"><div class=\"fusion-text fusion-text-1\"><p>El s\u00e1bado pasado decidimos volver a visitar, despu\u00e9s de mucho tiempo, uno de los lugares m\u00e1s freak de Budapest, el mercado de pulgas de Ecseri. Y alucinamos: fue un aut\u00e9ntico regreso al pasado, sin la necesidad de ninguna m\u00e1quina del tiempo. Incluso los vendedores parec\u00edan los mismos de hace dos o tres d\u00e9cadas, con las mimsas conversaciones, los mismos giros, los mismos gestos de orgullo o de desprecio que ya hab\u00edan desplegado durante los a\u00f1os del comunismo.<\/p>\n<\/div><div class=\"fusion-image-element in-legacy-container\" style=\"--awb-caption-title-font-family:var(--h2_typography-font-family);--awb-caption-title-font-weight:var(--h2_typography-font-weight);--awb-caption-title-font-style:var(--h2_typography-font-style);--awb-caption-title-size:var(--h2_typography-font-size);--awb-caption-title-transform:var(--h2_typography-text-transform);--awb-caption-title-line-height:var(--h2_typography-line-height);--awb-caption-title-letter-spacing:var(--h2_typography-letter-spacing);\"><span class=\" fusion-imageframe imageframe-none imageframe-1 hover-type-none\"><img decoding=\"async\" width=\"3264\" height=\"1836\" title=\"20170812_125608\" src=\"https:\/\/www.budapestatumanera.com\/wp-content\/uploads\/2017\/08\/20170812_125608-e1503466167963.jpg\" alt class=\"img-responsive wp-image-332\" srcset=\"https:\/\/www.budapestatumanera.com\/wp-content\/uploads\/2017\/08\/20170812_125608-e1503466167963-300x169.jpg 300w, https:\/\/www.budapestatumanera.com\/wp-content\/uploads\/2017\/08\/20170812_125608-e1503466167963-768x432.jpg 768w, https:\/\/www.budapestatumanera.com\/wp-content\/uploads\/2017\/08\/20170812_125608-e1503466167963-1100x619.jpg 1100w, https:\/\/www.budapestatumanera.com\/wp-content\/uploads\/2017\/08\/20170812_125608-e1503466167963.jpg 3264w\" sizes=\"(max-width: 3264px) 100vw, 3264px\" \/><\/span><\/div><div class=\"fusion-sep-clear\"><\/div><div class=\"fusion-separator fusion-full-width-sep\" style=\"margin-left: auto;margin-right: auto;width:100%;\"><\/div><div class=\"fusion-sep-clear\"><\/div><div class=\"fusion-text fusion-text-2\"><p>Regatear es obligatorio, no ponen los precios, tienes que preguntar y te dicen unas cifras desorbitadas, que por supuesto no debes tomar en serio.<\/p>\n<\/div><div class=\"fusion-sep-clear\"><\/div><div class=\"fusion-separator fusion-full-width-sep\" style=\"margin-left: auto;margin-right: auto;width:100%;\"><\/div><div class=\"fusion-sep-clear\"><\/div><div class=\"fusion-image-element in-legacy-container\" style=\"--awb-caption-title-font-family:var(--h2_typography-font-family);--awb-caption-title-font-weight:var(--h2_typography-font-weight);--awb-caption-title-font-style:var(--h2_typography-font-style);--awb-caption-title-size:var(--h2_typography-font-size);--awb-caption-title-transform:var(--h2_typography-text-transform);--awb-caption-title-line-height:var(--h2_typography-line-height);--awb-caption-title-letter-spacing:var(--h2_typography-letter-spacing);\"><span class=\" fusion-imageframe imageframe-none imageframe-2 hover-type-none\"><img decoding=\"async\" width=\"3264\" height=\"1836\" title=\"20170812_123713\" src=\"https:\/\/www.budapestatumanera.com\/wp-content\/uploads\/2017\/08\/20170812_123713-e1503466412699.jpg\" alt class=\"img-responsive wp-image-328\" srcset=\"https:\/\/www.budapestatumanera.com\/wp-content\/uploads\/2017\/08\/20170812_123713-e1503466412699-300x169.jpg 300w, https:\/\/www.budapestatumanera.com\/wp-content\/uploads\/2017\/08\/20170812_123713-e1503466412699-768x432.jpg 768w, https:\/\/www.budapestatumanera.com\/wp-content\/uploads\/2017\/08\/20170812_123713-e1503466412699-1100x619.jpg 1100w, https:\/\/www.budapestatumanera.com\/wp-content\/uploads\/2017\/08\/20170812_123713-e1503466412699.jpg 3264w\" sizes=\"(max-width: 3264px) 100vw, 3264px\" \/><\/span><\/div><div class=\"fusion-sep-clear\"><\/div><div class=\"fusion-separator fusion-full-width-sep\" style=\"margin-left: auto;margin-right: auto;width:100%;\"><\/div><div class=\"fusion-sep-clear\"><\/div><div class=\"fusion-text fusion-text-3\"><p>Desde luego, todo es \u201coriginal\u201d y \u201cantiguo\u201d y \u201c\u00fanico\u201d o \u201cuna ganga\u201d, solo para ti. Pero si no vas con intenciones de adquirir algo valioso por nada, puedes pasar un rato entretenido en este lugar realmente estrafalario. Hay de todo: muebles, pinturas, ropa de segunda mano, recuerdos de la \u00e9poca del comunismo, c\u00e1maras fotogr\u00e1ficas, estatuillas, etc.<\/p>\n<\/div><div class=\"fusion-image-element in-legacy-container\" style=\"--awb-caption-title-font-family:var(--h2_typography-font-family);--awb-caption-title-font-weight:var(--h2_typography-font-weight);--awb-caption-title-font-style:var(--h2_typography-font-style);--awb-caption-title-size:var(--h2_typography-font-size);--awb-caption-title-transform:var(--h2_typography-text-transform);--awb-caption-title-line-height:var(--h2_typography-line-height);--awb-caption-title-letter-spacing:var(--h2_typography-letter-spacing);\"><span class=\" fusion-imageframe imageframe-none imageframe-3 hover-type-none\"><img decoding=\"async\" width=\"3264\" height=\"1836\" title=\"20170812_130317\" src=\"https:\/\/www.budapestatumanera.com\/wp-content\/uploads\/2017\/08\/20170812_130317-e1503466123293.jpg\" alt class=\"img-responsive wp-image-333\" srcset=\"https:\/\/www.budapestatumanera.com\/wp-content\/uploads\/2017\/08\/20170812_130317-e1503466123293-300x169.jpg 300w, https:\/\/www.budapestatumanera.com\/wp-content\/uploads\/2017\/08\/20170812_130317-e1503466123293-768x432.jpg 768w, https:\/\/www.budapestatumanera.com\/wp-content\/uploads\/2017\/08\/20170812_130317-e1503466123293-1100x619.jpg 1100w, https:\/\/www.budapestatumanera.com\/wp-content\/uploads\/2017\/08\/20170812_130317-e1503466123293.jpg 3264w\" sizes=\"(max-width: 3264px) 100vw, 3264px\" \/><\/span><\/div><div class=\"fusion-sep-clear\"><\/div><div class=\"fusion-separator fusion-full-width-sep\" style=\"margin-left: auto;margin-right: auto;width:100%;\"><\/div><div class=\"fusion-sep-clear\"><\/div><div class=\"fusion-image-element in-legacy-container\" style=\"--awb-caption-title-font-family:var(--h2_typography-font-family);--awb-caption-title-font-weight:var(--h2_typography-font-weight);--awb-caption-title-font-style:var(--h2_typography-font-style);--awb-caption-title-size:var(--h2_typography-font-size);--awb-caption-title-transform:var(--h2_typography-text-transform);--awb-caption-title-line-height:var(--h2_typography-line-height);--awb-caption-title-letter-spacing:var(--h2_typography-letter-spacing);\"><span class=\" fusion-imageframe imageframe-none imageframe-4 hover-type-none\"><img decoding=\"async\" width=\"3264\" height=\"1836\" title=\"20170812_125228\" src=\"https:\/\/www.budapestatumanera.com\/wp-content\/uploads\/2017\/08\/20170812_125228-e1503466209985.jpg\" alt class=\"img-responsive wp-image-331\" srcset=\"https:\/\/www.budapestatumanera.com\/wp-content\/uploads\/2017\/08\/20170812_125228-e1503466209985-300x169.jpg 300w, https:\/\/www.budapestatumanera.com\/wp-content\/uploads\/2017\/08\/20170812_125228-e1503466209985-768x432.jpg 768w, https:\/\/www.budapestatumanera.com\/wp-content\/uploads\/2017\/08\/20170812_125228-e1503466209985-1100x619.jpg 1100w, https:\/\/www.budapestatumanera.com\/wp-content\/uploads\/2017\/08\/20170812_125228-e1503466209985.jpg 3264w\" sizes=\"(max-width: 3264px) 100vw, 3264px\" \/><\/span><\/div><div class=\"fusion-sep-clear\"><\/div><div class=\"fusion-separator fusion-full-width-sep\" style=\"margin-left: auto;margin-right: auto;width:100%;\"><\/div><div class=\"fusion-sep-clear\"><\/div><div class=\"fusion-text fusion-text-4\"><p>Durante la semana, el mercado parece vac\u00edo, se anima solo los fines de semana, sobre todo los s\u00e1bados por la ma\u00f1ana. Abre a las seis, es imposible siquiera imaginarse que alguien se moleste en madrugar para acudir al Ecseri. Y cuidado, est\u00e1 bastante alejado del centro, as\u00ed que solo te recomendamos ir si est\u00e1s realmente convencid@ de que esto es una actividad para ti.<\/p>\n<\/div><div class=\"fusion-sep-clear\"><\/div><div class=\"fusion-separator fusion-full-width-sep\" style=\"margin-left: auto;margin-right: auto;width:100%;\"><\/div><div class=\"fusion-sep-clear\"><\/div><div class=\"fusion-image-element in-legacy-container\" style=\"--awb-caption-title-font-family:var(--h2_typography-font-family);--awb-caption-title-font-weight:var(--h2_typography-font-weight);--awb-caption-title-font-style:var(--h2_typography-font-style);--awb-caption-title-size:var(--h2_typography-font-size);--awb-caption-title-transform:var(--h2_typography-text-transform);--awb-caption-title-line-height:var(--h2_typography-line-height);--awb-caption-title-letter-spacing:var(--h2_typography-letter-spacing);\"><span class=\" fusion-imageframe imageframe-none imageframe-5 hover-type-none\"><img decoding=\"async\" width=\"3264\" height=\"1836\" title=\"20170812_131353\" src=\"https:\/\/www.budapestatumanera.com\/wp-content\/uploads\/2017\/08\/20170812_131353-e1503466085839.jpg\" alt class=\"img-responsive wp-image-324\" srcset=\"https:\/\/www.budapestatumanera.com\/wp-content\/uploads\/2017\/08\/20170812_131353-e1503466085839-300x169.jpg 300w, https:\/\/www.budapestatumanera.com\/wp-content\/uploads\/2017\/08\/20170812_131353-e1503466085839-768x432.jpg 768w, https:\/\/www.budapestatumanera.com\/wp-content\/uploads\/2017\/08\/20170812_131353-e1503466085839-1100x619.jpg 1100w, https:\/\/www.budapestatumanera.com\/wp-content\/uploads\/2017\/08\/20170812_131353-e1503466085839.jpg 3264w\" sizes=\"(max-width: 3264px) 100vw, 3264px\" \/><\/span><\/div><div class=\"fusion-text fusion-text-5\"><p>Las fotos dicen m\u00e1s que cualquier palabra&#8230;<\/p>\n<p>Direcci\u00f3n: Budapest, Nagyk\u0151r\u00f6si \u00fat 156, 1194<\/p>\n<p>Horario:<\/p>\n<p>de lunes a s\u00e1bado: 9-14<\/p>\n<p>domingo: 9-13<\/p>\n<\/div><div class=\"fusion-clearfix\"><\/div><\/div><\/div><\/div><\/div>\n","protected":false},"excerpt":{"rendered":"","protected":false},"author":5,"featured_media":329,"comment_status":"closed","ping_status":"open","sticky":false,"template":"","format":"standard","meta":{"footnotes":""},"categories":[5],"tags":[],"class_list":["post-321","post","type-post","status-publish","format-standard","has-post-thumbnail","hentry","category-que-ver"],"yoast_head":"<!-- This site is optimized with the Yoast SEO plugin v23.3 - https:\/\/yoast.com\/wordpress\/plugins\/seo\/ -->\n<title>\u00bfQU\u00c9 VER EN BUDAPEST? EL MERCADILLO DE LA CALLE ECSERI | Budapest a tu manera<\/title>\n<meta name=\"robots\" content=\"index, follow, max-snippet:-1, max-image-preview:large, max-video-preview:-1\" \/>\n<link rel=\"canonical\" href=\"https:\/\/www.budapestatumanera.com\/index.php\/2017\/08\/23\/un-lugar-donde-el-tiempo-se-ha-detenido-el-mercadillo-de-la-calle-ecseri\/\" \/>\n<meta property=\"og:locale\" content=\"hu_HU\" \/>\n<meta property=\"og:type\" content=\"article\" \/>\n<meta property=\"og:title\" content=\"\u00bfQU\u00c9 VER EN BUDAPEST? EL MERCADILLO DE LA CALLE ECSERI | Budapest a tu manera\" \/>\n<meta property=\"og:url\" content=\"https:\/\/www.budapestatumanera.com\/index.php\/2017\/08\/23\/un-lugar-donde-el-tiempo-se-ha-detenido-el-mercadillo-de-la-calle-ecseri\/\" \/>\n<meta property=\"og:site_name\" content=\"Budapest a tu manera\" \/>\n<meta property=\"article:published_time\" content=\"2017-08-23T07:56:03+00:00\" \/>\n<meta property=\"article:modified_time\" content=\"2022-01-18T13:57:12+00:00\" \/>\n<meta property=\"og:image\" content=\"https:\/\/www.budapestatumanera.com\/wp-content\/uploads\/2017\/08\/20170812_124348-e1503466251206.jpg\" \/>\n\t<meta property=\"og:image:width\" content=\"3264\" \/>\n\t<meta property=\"og:image:height\" content=\"1836\" \/>\n\t<meta property=\"og:image:type\" content=\"image\/jpeg\" \/>\n<meta name=\"author\" content=\"Eszter\" \/>\n<meta name=\"twitter:card\" content=\"summary_large_image\" \/>\n<meta name=\"twitter:label1\" content=\"Szerz\u0151:\" \/>\n\t<meta name=\"twitter:data1\" content=\"Eszter\" \/>\n\t<meta name=\"twitter:label2\" content=\"Becs\u00fclt olvas\u00e1si id\u0151\" \/>\n\t<meta name=\"twitter:data2\" content=\"4 perc\" \/>\n<script type=\"application\/ld+json\" class=\"yoast-schema-graph\">{\"@context\":\"https:\/\/schema.org\",\"@graph\":[{\"@type\":\"WebPage\",\"@id\":\"https:\/\/www.budapestatumanera.com\/index.php\/2017\/08\/23\/un-lugar-donde-el-tiempo-se-ha-detenido-el-mercadillo-de-la-calle-ecseri\/\",\"url\":\"https:\/\/www.budapestatumanera.com\/index.php\/2017\/08\/23\/un-lugar-donde-el-tiempo-se-ha-detenido-el-mercadillo-de-la-calle-ecseri\/\",\"name\":\"\u00bfQU\u00c9 VER EN BUDAPEST? EL MERCADILLO DE LA CALLE ECSERI | Budapest a tu manera\",\"isPartOf\":{\"@id\":\"https:\/\/www.budapestatumanera.com\/#website\"},\"primaryImageOfPage\":{\"@id\":\"https:\/\/www.budapestatumanera.com\/index.php\/2017\/08\/23\/un-lugar-donde-el-tiempo-se-ha-detenido-el-mercadillo-de-la-calle-ecseri\/#primaryimage\"},\"image\":{\"@id\":\"https:\/\/www.budapestatumanera.com\/index.php\/2017\/08\/23\/un-lugar-donde-el-tiempo-se-ha-detenido-el-mercadillo-de-la-calle-ecseri\/#primaryimage\"},\"thumbnailUrl\":\"https:\/\/www.budapestatumanera.com\/wp-content\/uploads\/2017\/08\/20170812_124348-e1503466251206.jpg\",\"datePublished\":\"2017-08-23T07:56:03+00:00\",\"dateModified\":\"2022-01-18T13:57:12+00:00\",\"author\":{\"@id\":\"https:\/\/www.budapestatumanera.com\/#\/schema\/person\/fe886a5c145a8403cacacd9363eb77db\"},\"breadcrumb\":{\"@id\":\"https:\/\/www.budapestatumanera.com\/index.php\/2017\/08\/23\/un-lugar-donde-el-tiempo-se-ha-detenido-el-mercadillo-de-la-calle-ecseri\/#breadcrumb\"},\"inLanguage\":\"hu\",\"potentialAction\":[{\"@type\":\"ReadAction\",\"target\":[\"https:\/\/www.budapestatumanera.com\/index.php\/2017\/08\/23\/un-lugar-donde-el-tiempo-se-ha-detenido-el-mercadillo-de-la-calle-ecseri\/\"]}]},{\"@type\":\"ImageObject\",\"inLanguage\":\"hu\",\"@id\":\"https:\/\/www.budapestatumanera.com\/index.php\/2017\/08\/23\/un-lugar-donde-el-tiempo-se-ha-detenido-el-mercadillo-de-la-calle-ecseri\/#primaryimage\",\"url\":\"https:\/\/www.budapestatumanera.com\/wp-content\/uploads\/2017\/08\/20170812_124348-e1503466251206.jpg\",\"contentUrl\":\"https:\/\/www.budapestatumanera.com\/wp-content\/uploads\/2017\/08\/20170812_124348-e1503466251206.jpg\",\"width\":3264,\"height\":1836},{\"@type\":\"BreadcrumbList\",\"@id\":\"https:\/\/www.budapestatumanera.com\/index.php\/2017\/08\/23\/un-lugar-donde-el-tiempo-se-ha-detenido-el-mercadillo-de-la-calle-ecseri\/#breadcrumb\",\"itemListElement\":[{\"@type\":\"ListItem\",\"position\":1,\"name\":\"Home\",\"item\":\"https:\/\/www.budapestatumanera.com\/\"},{\"@type\":\"ListItem\",\"position\":2,\"name\":\"\u00bfQU\u00c9 VER EN BUDAPEST? EL MERCADILLO DE LA CALLE ECSERI\"}]},{\"@type\":\"WebSite\",\"@id\":\"https:\/\/www.budapestatumanera.com\/#website\",\"url\":\"https:\/\/www.budapestatumanera.com\/\",\"name\":\"Budapest a tu manera\",\"description\":\"Budapest a tu manera | Vive Budapest como un local\",\"potentialAction\":[{\"@type\":\"SearchAction\",\"target\":{\"@type\":\"EntryPoint\",\"urlTemplate\":\"https:\/\/www.budapestatumanera.com\/?s={search_term_string}\"},\"query-input\":\"required name=search_term_string\"}],\"inLanguage\":\"hu\"},{\"@type\":\"Person\",\"@id\":\"https:\/\/www.budapestatumanera.com\/#\/schema\/person\/fe886a5c145a8403cacacd9363eb77db\",\"name\":\"Eszter\",\"url\":\"https:\/\/www.budapestatumanera.com\/index.php\/author\/eszter\/\"}]}<\/script>\n<!-- \/ Yoast SEO plugin. -->","yoast_head_json":{"title":"\u00bfQU\u00c9 VER EN BUDAPEST? EL MERCADILLO DE LA CALLE ECSERI | Budapest a tu manera","robots":{"index":"index","follow":"follow","max-snippet":"max-snippet:-1","max-image-preview":"max-image-preview:large","max-video-preview":"max-video-preview:-1"},"canonical":"https:\/\/www.budapestatumanera.com\/index.php\/2017\/08\/23\/un-lugar-donde-el-tiempo-se-ha-detenido-el-mercadillo-de-la-calle-ecseri\/","og_locale":"hu_HU","og_type":"article","og_title":"\u00bfQU\u00c9 VER EN BUDAPEST? EL MERCADILLO DE LA CALLE ECSERI | Budapest a tu manera","og_url":"https:\/\/www.budapestatumanera.com\/index.php\/2017\/08\/23\/un-lugar-donde-el-tiempo-se-ha-detenido-el-mercadillo-de-la-calle-ecseri\/","og_site_name":"Budapest a tu manera","article_published_time":"2017-08-23T07:56:03+00:00","article_modified_time":"2022-01-18T13:57:12+00:00","og_image":[{"width":3264,"height":1836,"url":"https:\/\/www.budapestatumanera.com\/wp-content\/uploads\/2017\/08\/20170812_124348-e1503466251206.jpg","type":"image\/jpeg"}],"author":"Eszter","twitter_card":"summary_large_image","twitter_misc":{"Szerz\u0151:":"Eszter","Becs\u00fclt olvas\u00e1si id\u0151":"4 perc"},"schema":{"@context":"https:\/\/schema.org","@graph":[{"@type":"WebPage","@id":"https:\/\/www.budapestatumanera.com\/index.php\/2017\/08\/23\/un-lugar-donde-el-tiempo-se-ha-detenido-el-mercadillo-de-la-calle-ecseri\/","url":"https:\/\/www.budapestatumanera.com\/index.php\/2017\/08\/23\/un-lugar-donde-el-tiempo-se-ha-detenido-el-mercadillo-de-la-calle-ecseri\/","name":"\u00bfQU\u00c9 VER EN BUDAPEST? EL MERCADILLO DE LA CALLE ECSERI | Budapest a tu manera","isPartOf":{"@id":"https:\/\/www.budapestatumanera.com\/#website"},"primaryImageOfPage":{"@id":"https:\/\/www.budapestatumanera.com\/index.php\/2017\/08\/23\/un-lugar-donde-el-tiempo-se-ha-detenido-el-mercadillo-de-la-calle-ecseri\/#primaryimage"},"image":{"@id":"https:\/\/www.budapestatumanera.com\/index.php\/2017\/08\/23\/un-lugar-donde-el-tiempo-se-ha-detenido-el-mercadillo-de-la-calle-ecseri\/#primaryimage"},"thumbnailUrl":"https:\/\/www.budapestatumanera.com\/wp-content\/uploads\/2017\/08\/20170812_124348-e1503466251206.jpg","datePublished":"2017-08-23T07:56:03+00:00","dateModified":"2022-01-18T13:57:12+00:00","author":{"@id":"https:\/\/www.budapestatumanera.com\/#\/schema\/person\/fe886a5c145a8403cacacd9363eb77db"},"breadcrumb":{"@id":"https:\/\/www.budapestatumanera.com\/index.php\/2017\/08\/23\/un-lugar-donde-el-tiempo-se-ha-detenido-el-mercadillo-de-la-calle-ecseri\/#breadcrumb"},"inLanguage":"hu","potentialAction":[{"@type":"ReadAction","target":["https:\/\/www.budapestatumanera.com\/index.php\/2017\/08\/23\/un-lugar-donde-el-tiempo-se-ha-detenido-el-mercadillo-de-la-calle-ecseri\/"]}]},{"@type":"ImageObject","inLanguage":"hu","@id":"https:\/\/www.budapestatumanera.com\/index.php\/2017\/08\/23\/un-lugar-donde-el-tiempo-se-ha-detenido-el-mercadillo-de-la-calle-ecseri\/#primaryimage","url":"https:\/\/www.budapestatumanera.com\/wp-content\/uploads\/2017\/08\/20170812_124348-e1503466251206.jpg","contentUrl":"https:\/\/www.budapestatumanera.com\/wp-content\/uploads\/2017\/08\/20170812_124348-e1503466251206.jpg","width":3264,"height":1836},{"@type":"BreadcrumbList","@id":"https:\/\/www.budapestatumanera.com\/index.php\/2017\/08\/23\/un-lugar-donde-el-tiempo-se-ha-detenido-el-mercadillo-de-la-calle-ecseri\/#breadcrumb","itemListElement":[{"@type":"ListItem","position":1,"name":"Home","item":"https:\/\/www.budapestatumanera.com\/"},{"@type":"ListItem","position":2,"name":"\u00bfQU\u00c9 VER EN BUDAPEST? EL MERCADILLO DE LA CALLE ECSERI"}]},{"@type":"WebSite","@id":"https:\/\/www.budapestatumanera.com\/#website","url":"https:\/\/www.budapestatumanera.com\/","name":"Budapest a tu manera","description":"Budapest a tu manera | Vive Budapest como un local","potentialAction":[{"@type":"SearchAction","target":{"@type":"EntryPoint","urlTemplate":"https:\/\/www.budapestatumanera.com\/?s={search_term_string}"},"query-input":"required name=search_term_string"}],"inLanguage":"hu"},{"@type":"Person","@id":"https:\/\/www.budapestatumanera.com\/#\/schema\/person\/fe886a5c145a8403cacacd9363eb77db","name":"Eszter","url":"https:\/\/www.budapestatumanera.com\/index.php\/author\/eszter\/"}]}},"_links":{"self":[{"href":"https:\/\/www.budapestatumanera.com\/index.php\/wp-json\/wp\/v2\/posts\/321"}],"collection":[{"href":"https:\/\/www.budapestatumanera.com\/index.php\/wp-json\/wp\/v2\/posts"}],"about":[{"href":"https:\/\/www.budapestatumanera.com\/index.php\/wp-json\/wp\/v2\/types\/post"}],"author":[{"embeddable":true,"href":"https:\/\/www.budapestatumanera.com\/index.php\/wp-json\/wp\/v2\/users\/5"}],"replies":[{"embeddable":true,"href":"https:\/\/www.budapestatumanera.com\/index.php\/wp-json\/wp\/v2\/comments?post=321"}],"version-history":[{"count":11,"href":"https:\/\/www.budapestatumanera.com\/index.php\/wp-json\/wp\/v2\/posts\/321\/revisions"}],"predecessor-version":[{"id":574,"href":"https:\/\/www.budapestatumanera.com\/index.php\/wp-json\/wp\/v2\/posts\/321\/revisions\/574"}],"wp:featuredmedia":[{"embeddable":true,"href":"https:\/\/www.budapestatumanera.com\/index.php\/wp-json\/wp\/v2\/media\/329"}],"wp:attachment":[{"href":"https:\/\/www.budapestatumanera.com\/index.php\/wp-json\/wp\/v2\/media?parent=321"}],"wp:term":[{"taxonomy":"category","embeddable":true,"href":"https:\/\/www.budapestatumanera.com\/index.php\/wp-json\/wp\/v2\/categories?post=321"},{"taxonomy":"post_tag","embeddable":true,"href":"https:\/\/www.budapestatumanera.com\/index.php\/wp-json\/wp\/v2\/tags?post=321"}],"curies":[{"name":"wp","href":"https:\/\/api.w.org\/{rel}","templated":true}]}}